{"id":9997,"date":"2016-05-25T00:00:00","date_gmt":"2016-05-24T22:00:00","guid":{"rendered":"https:\/\/diverinvest.es\/24052016-martes-inspira-fiscalidad-con-ros-petit\/"},"modified":"2024-01-16T15:34:20","modified_gmt":"2024-01-16T14:34:20","slug":"24052016-martes-inspira-fiscalidad-con-ros-petit","status":"publish","type":"post","link":"https:\/\/diverinvest.es\/en\/24052016-martes-inspira-fiscalidad-con-ros-petit\/","title":{"rendered":"24\/05\/2016 Martes Inspira: Fiscalidad con Ros Petit"},"content":{"rendered":"<p><a href=\"https:\/\/diverinvest.es\/wp-content\/uploads\/fiscalidad-1.jpg\"><img loading=\"lazy\" decoding=\"async\" src=\"https:\/\/diverinvest.es\/wp-content\/uploads\/fiscalidad-1.jpg\" alt=\"fiscalidad\" width=\"500\" height=\"350\" class=\"alignleft size-full wp-image-3548\" \/><\/a>Ayer tuvimos la sesi\u00f3n de fiscalidad con <strong>Ros Petit<\/strong>, donde se hizo un repaso de temas relacionados con al fiscalidad del ahorro del 2015. As\u00ed como la planificaci\u00f3n fiscal del patrimonio.<\/p>\n","protected":false},"excerpt":{"rendered":"<p>Ayer tuvimos la sesi\u00f3n de fiscalidad con Ros Petit, donde se hizo un repaso de temas relacionados con al fiscalidad del ahorro del 2015. As\u00ed como la planificaci\u00f3n fiscal del patrimonio.<\/p>\n","protected":false},"author":3,"featured_media":8213,"comment_status":"open","ping_status":"open","sticky":false,"template":"","format":"standard","meta":{"_acf_changed":false,"footnotes":""},"categories":[87],"tags":[],"class_list":["post-9997","post","type-post","status-publish","format-standard","has-post-thumbnail","hentry","category-prensa-y-actualidad"],"acf":[],"yoast_head":"<!-- This site is optimized with the Yoast SEO plugin v27.5 - https:\/\/yoast.com\/product\/yoast-seo-wordpress\/ -->\n<title>24\/05\/2016 Martes Inspira: Fiscalidad con Ros Petit - DiverInvest<\/title>\n<meta name=\"robots\" content=\"index, follow, max-snippet:-1, max-image-preview:large, max-video-preview:-1\" \/>\n<link rel=\"canonical\" href=\"https:\/\/diverinvest.es\/en\/24052016-martes-inspira-fiscalidad-con-ros-petit\/\" \/>\n<meta property=\"og:locale\" content=\"en_US\" \/>\n<meta property=\"og:type\" content=\"article\" \/>\n<meta property=\"og:title\" content=\"24\/05\/2016 Martes Inspira: Fiscalidad con Ros Petit - DiverInvest\" \/>\n<meta property=\"og:description\" content=\"Ayer tuvimos la sesi\u00f3n de fiscalidad con Ros Petit, donde se hizo un repaso de temas relacionados con al fiscalidad del ahorro del 2015. As\u00ed como la planificaci\u00f3n fiscal del patrimonio.\" \/>\n<meta property=\"og:url\" content=\"https:\/\/diverinvest.es\/en\/24052016-martes-inspira-fiscalidad-con-ros-petit\/\" \/>\n<meta property=\"og:site_name\" content=\"DiverInvest\" \/>\n<meta property=\"article:published_time\" content=\"2016-05-24T22:00:00+00:00\" \/>\n<meta property=\"article:modified_time\" content=\"2024-01-16T14:34:20+00:00\" \/>\n<meta property=\"og:image\" content=\"https:\/\/diverinvest.es\/wp-content\/uploads\/fiscalidad-1.jpg\" \/>\n\t<meta property=\"og:image:width\" content=\"500\" \/>\n\t<meta property=\"og:image:height\" content=\"350\" \/>\n\t<meta property=\"og:image:type\" content=\"image\/jpeg\" \/>\n<meta name=\"author\" content=\"websalia\" \/>\n<meta name=\"twitter:card\" content=\"summary_large_image\" \/>\n<meta name=\"twitter:label1\" content=\"Written by\" \/>\n\t<meta name=\"twitter:data1\" content=\"websalia\" \/>\n<script type=\"application\/ld+json\" class=\"yoast-schema-graph\">{\"@context\":\"https:\\\/\\\/schema.org\",\"@graph\":[{\"@type\":\"Article\",\"@id\":\"https:\\\/\\\/diverinvest.es\\\/en\\\/24052016-martes-inspira-fiscalidad-con-ros-petit\\\/#article\",\"isPartOf\":{\"@id\":\"https:\\\/\\\/diverinvest.es\\\/en\\\/24052016-martes-inspira-fiscalidad-con-ros-petit\\\/\"},\"author\":{\"name\":\"websalia\",\"@id\":\"https:\\\/\\\/diverinvest.es\\\/en\\\/#\\\/schema\\\/person\\\/91003206ff1ab9f694a2285ceb978aa3\"},\"headline\":\"24\\\/05\\\/2016 Martes Inspira: Fiscalidad con Ros Petit\",\"datePublished\":\"2016-05-24T22:00:00+00:00\",\"dateModified\":\"2024-01-16T14:34:20+00:00\",\"mainEntityOfPage\":{\"@id\":\"https:\\\/\\\/diverinvest.es\\\/en\\\/24052016-martes-inspira-fiscalidad-con-ros-petit\\\/\"},\"wordCount\":38,\"commentCount\":0,\"image\":{\"@id\":\"https:\\\/\\\/diverinvest.es\\\/en\\\/24052016-martes-inspira-fiscalidad-con-ros-petit\\\/#primaryimage\"},\"thumbnailUrl\":\"https:\\\/\\\/diverinvest.es\\\/wp-content\\\/uploads\\\/fiscalidad-1.jpg\",\"articleSection\":[\"Prensa y Actualidad\"],\"inLanguage\":\"en-US\",\"potentialAction\":[{\"@type\":\"CommentAction\",\"name\":\"Comment\",\"target\":[\"https:\\\/\\\/diverinvest.es\\\/en\\\/24052016-martes-inspira-fiscalidad-con-ros-petit\\\/#respond\"]}]},{\"@type\":\"WebPage\",\"@id\":\"https:\\\/\\\/diverinvest.es\\\/en\\\/24052016-martes-inspira-fiscalidad-con-ros-petit\\\/\",\"url\":\"https:\\\/\\\/diverinvest.es\\\/en\\\/24052016-martes-inspira-fiscalidad-con-ros-petit\\\/\",\"name\":\"24\\\/05\\\/2016 Martes Inspira: Fiscalidad con Ros Petit - DiverInvest\",\"isPartOf\":{\"@id\":\"https:\\\/\\\/diverinvest.es\\\/en\\\/#website\"},\"primaryImageOfPage\":{\"@id\":\"https:\\\/\\\/diverinvest.es\\\/en\\\/24052016-martes-inspira-fiscalidad-con-ros-petit\\\/#primaryimage\"},\"image\":{\"@id\":\"https:\\\/\\\/diverinvest.es\\\/en\\\/24052016-martes-inspira-fiscalidad-con-ros-petit\\\/#primaryimage\"},\"thumbnailUrl\":\"https:\\\/\\\/diverinvest.es\\\/wp-content\\\/uploads\\\/fiscalidad-1.jpg\",\"datePublished\":\"2016-05-24T22:00:00+00:00\",\"dateModified\":\"2024-01-16T14:34:20+00:00\",\"author\":{\"@id\":\"https:\\\/\\\/diverinvest.es\\\/en\\\/#\\\/schema\\\/person\\\/91003206ff1ab9f694a2285ceb978aa3\"},\"breadcrumb\":{\"@id\":\"https:\\\/\\\/diverinvest.es\\\/en\\\/24052016-martes-inspira-fiscalidad-con-ros-petit\\\/#breadcrumb\"},\"inLanguage\":\"en-US\",\"potentialAction\":[{\"@type\":\"ReadAction\",\"target\":[\"https:\\\/\\\/diverinvest.es\\\/en\\\/24052016-martes-inspira-fiscalidad-con-ros-petit\\\/\"]}]},{\"@type\":\"ImageObject\",\"inLanguage\":\"en-US\",\"@id\":\"https:\\\/\\\/diverinvest.es\\\/en\\\/24052016-martes-inspira-fiscalidad-con-ros-petit\\\/#primaryimage\",\"url\":\"https:\\\/\\\/diverinvest.es\\\/wp-content\\\/uploads\\\/fiscalidad-1.jpg\",\"contentUrl\":\"https:\\\/\\\/diverinvest.es\\\/wp-content\\\/uploads\\\/fiscalidad-1.jpg\",\"width\":500,\"height\":350},{\"@type\":\"BreadcrumbList\",\"@id\":\"https:\\\/\\\/diverinvest.es\\\/en\\\/24052016-martes-inspira-fiscalidad-con-ros-petit\\\/#breadcrumb\",\"itemListElement\":[{\"@type\":\"ListItem\",\"position\":1,\"name\":\"Portada\",\"item\":\"https:\\\/\\\/diverinvest.es\\\/en\\\/\"},{\"@type\":\"ListItem\",\"position\":2,\"name\":\"24\\\/05\\\/2016 Martes Inspira: Fiscalidad con Ros Petit\"}]},{\"@type\":\"WebSite\",\"@id\":\"https:\\\/\\\/diverinvest.es\\\/en\\\/#website\",\"url\":\"https:\\\/\\\/diverinvest.es\\\/en\\\/\",\"name\":\"DiverInvest\",\"description\":\"Corporate Family Office\",\"potentialAction\":[{\"@type\":\"SearchAction\",\"target\":{\"@type\":\"EntryPoint\",\"urlTemplate\":\"https:\\\/\\\/diverinvest.es\\\/en\\\/?s={search_term_string}\"},\"query-input\":{\"@type\":\"PropertyValueSpecification\",\"valueRequired\":true,\"valueName\":\"search_term_string\"}}],\"inLanguage\":\"en-US\"},{\"@type\":\"Person\",\"@id\":\"https:\\\/\\\/diverinvest.es\\\/en\\\/#\\\/schema\\\/person\\\/91003206ff1ab9f694a2285ceb978aa3\",\"name\":\"websalia\",\"image\":{\"@type\":\"ImageObject\",\"inLanguage\":\"en-US\",\"@id\":\"https:\\\/\\\/secure.gravatar.com\\\/avatar\\\/fc5095c82364285cf0856d4b5beed3f1824191a8900bf32e522aa42feff35088?s=96&d=mm&r=g\",\"url\":\"https:\\\/\\\/secure.gravatar.com\\\/avatar\\\/fc5095c82364285cf0856d4b5beed3f1824191a8900bf32e522aa42feff35088?s=96&d=mm&r=g\",\"contentUrl\":\"https:\\\/\\\/secure.gravatar.com\\\/avatar\\\/fc5095c82364285cf0856d4b5beed3f1824191a8900bf32e522aa42feff35088?s=96&d=mm&r=g\",\"caption\":\"websalia\"},\"url\":\"https:\\\/\\\/diverinvest.es\\\/en\\\/author\\\/websalia\\\/\"}]}<\/script>\n<!-- \/ Yoast SEO plugin. -->","yoast_head_json":{"title":"24\/05\/2016 Martes Inspira: Fiscalidad con Ros Petit - DiverInvest","robots":{"index":"index","follow":"follow","max-snippet":"max-snippet:-1","max-image-preview":"max-image-preview:large","max-video-preview":"max-video-preview:-1"},"canonical":"https:\/\/diverinvest.es\/en\/24052016-martes-inspira-fiscalidad-con-ros-petit\/","og_locale":"en_US","og_type":"article","og_title":"24\/05\/2016 Martes Inspira: Fiscalidad con Ros Petit - DiverInvest","og_description":"Ayer tuvimos la sesi\u00f3n de fiscalidad con Ros Petit, donde se hizo un repaso de temas relacionados con al fiscalidad del ahorro del 2015. As\u00ed como la planificaci\u00f3n fiscal del patrimonio.","og_url":"https:\/\/diverinvest.es\/en\/24052016-martes-inspira-fiscalidad-con-ros-petit\/","og_site_name":"DiverInvest","article_published_time":"2016-05-24T22:00:00+00:00","article_modified_time":"2024-01-16T14:34:20+00:00","og_image":[{"width":500,"height":350,"url":"https:\/\/diverinvest.es\/wp-content\/uploads\/fiscalidad-1.jpg","type":"image\/jpeg"}],"author":"websalia","twitter_card":"summary_large_image","twitter_misc":{"Written by":"websalia"},"schema":{"@context":"https:\/\/schema.org","@graph":[{"@type":"Article","@id":"https:\/\/diverinvest.es\/en\/24052016-martes-inspira-fiscalidad-con-ros-petit\/#article","isPartOf":{"@id":"https:\/\/diverinvest.es\/en\/24052016-martes-inspira-fiscalidad-con-ros-petit\/"},"author":{"name":"websalia","@id":"https:\/\/diverinvest.es\/en\/#\/schema\/person\/91003206ff1ab9f694a2285ceb978aa3"},"headline":"24\/05\/2016 Martes Inspira: Fiscalidad con Ros Petit","datePublished":"2016-05-24T22:00:00+00:00","dateModified":"2024-01-16T14:34:20+00:00","mainEntityOfPage":{"@id":"https:\/\/diverinvest.es\/en\/24052016-martes-inspira-fiscalidad-con-ros-petit\/"},"wordCount":38,"commentCount":0,"image":{"@id":"https:\/\/diverinvest.es\/en\/24052016-martes-inspira-fiscalidad-con-ros-petit\/#primaryimage"},"thumbnailUrl":"https:\/\/diverinvest.es\/wp-content\/uploads\/fiscalidad-1.jpg","articleSection":["Prensa y Actualidad"],"inLanguage":"en-US","potentialAction":[{"@type":"CommentAction","name":"Comment","target":["https:\/\/diverinvest.es\/en\/24052016-martes-inspira-fiscalidad-con-ros-petit\/#respond"]}]},{"@type":"WebPage","@id":"https:\/\/diverinvest.es\/en\/24052016-martes-inspira-fiscalidad-con-ros-petit\/","url":"https:\/\/diverinvest.es\/en\/24052016-martes-inspira-fiscalidad-con-ros-petit\/","name":"24\/05\/2016 Martes Inspira: Fiscalidad con Ros Petit - DiverInvest","isPartOf":{"@id":"https:\/\/diverinvest.es\/en\/#website"},"primaryImageOfPage":{"@id":"https:\/\/diverinvest.es\/en\/24052016-martes-inspira-fiscalidad-con-ros-petit\/#primaryimage"},"image":{"@id":"https:\/\/diverinvest.es\/en\/24052016-martes-inspira-fiscalidad-con-ros-petit\/#primaryimage"},"thumbnailUrl":"https:\/\/diverinvest.es\/wp-content\/uploads\/fiscalidad-1.jpg","datePublished":"2016-05-24T22:00:00+00:00","dateModified":"2024-01-16T14:34:20+00:00","author":{"@id":"https:\/\/diverinvest.es\/en\/#\/schema\/person\/91003206ff1ab9f694a2285ceb978aa3"},"breadcrumb":{"@id":"https:\/\/diverinvest.es\/en\/24052016-martes-inspira-fiscalidad-con-ros-petit\/#breadcrumb"},"inLanguage":"en-US","potentialAction":[{"@type":"ReadAction","target":["https:\/\/diverinvest.es\/en\/24052016-martes-inspira-fiscalidad-con-ros-petit\/"]}]},{"@type":"ImageObject","inLanguage":"en-US","@id":"https:\/\/diverinvest.es\/en\/24052016-martes-inspira-fiscalidad-con-ros-petit\/#primaryimage","url":"https:\/\/diverinvest.es\/wp-content\/uploads\/fiscalidad-1.jpg","contentUrl":"https:\/\/diverinvest.es\/wp-content\/uploads\/fiscalidad-1.jpg","width":500,"height":350},{"@type":"BreadcrumbList","@id":"https:\/\/diverinvest.es\/en\/24052016-martes-inspira-fiscalidad-con-ros-petit\/#breadcrumb","itemListElement":[{"@type":"ListItem","position":1,"name":"Portada","item":"https:\/\/diverinvest.es\/en\/"},{"@type":"ListItem","position":2,"name":"24\/05\/2016 Martes Inspira: Fiscalidad con Ros Petit"}]},{"@type":"WebSite","@id":"https:\/\/diverinvest.es\/en\/#website","url":"https:\/\/diverinvest.es\/en\/","name":"DiverInvest","description":"Corporate Family Office","potentialAction":[{"@type":"SearchAction","target":{"@type":"EntryPoint","urlTemplate":"https:\/\/diverinvest.es\/en\/?s={search_term_string}"},"query-input":{"@type":"PropertyValueSpecification","valueRequired":true,"valueName":"search_term_string"}}],"inLanguage":"en-US"},{"@type":"Person","@id":"https:\/\/diverinvest.es\/en\/#\/schema\/person\/91003206ff1ab9f694a2285ceb978aa3","name":"websalia","image":{"@type":"ImageObject","inLanguage":"en-US","@id":"https:\/\/secure.gravatar.com\/avatar\/fc5095c82364285cf0856d4b5beed3f1824191a8900bf32e522aa42feff35088?s=96&d=mm&r=g","url":"https:\/\/secure.gravatar.com\/avatar\/fc5095c82364285cf0856d4b5beed3f1824191a8900bf32e522aa42feff35088?s=96&d=mm&r=g","contentUrl":"https:\/\/secure.gravatar.com\/avatar\/fc5095c82364285cf0856d4b5beed3f1824191a8900bf32e522aa42feff35088?s=96&d=mm&r=g","caption":"websalia"},"url":"https:\/\/diverinvest.es\/en\/author\/websalia\/"}]}},"_links":{"self":[{"href":"https:\/\/diverinvest.es\/en\/wp-json\/wp\/v2\/posts\/9997","targetHints":{"allow":["GET"]}}],"collection":[{"href":"https:\/\/diverinvest.es\/en\/wp-json\/wp\/v2\/posts"}],"about":[{"href":"https:\/\/diverinvest.es\/en\/wp-json\/wp\/v2\/types\/post"}],"author":[{"embeddable":true,"href":"https:\/\/diverinvest.es\/en\/wp-json\/wp\/v2\/users\/3"}],"replies":[{"embeddable":true,"href":"https:\/\/diverinvest.es\/en\/wp-json\/wp\/v2\/comments?post=9997"}],"version-history":[{"count":0,"href":"https:\/\/diverinvest.es\/en\/wp-json\/wp\/v2\/posts\/9997\/revisions"}],"wp:featuredmedia":[{"embeddable":true,"href":"https:\/\/diverinvest.es\/en\/wp-json\/wp\/v2\/media\/8213"}],"wp:attachment":[{"href":"https:\/\/diverinvest.es\/en\/wp-json\/wp\/v2\/media?parent=9997"}],"wp:term":[{"taxonomy":"category","embeddable":true,"href":"https:\/\/diverinvest.es\/en\/wp-json\/wp\/v2\/categories?post=9997"},{"taxonomy":"post_tag","embeddable":true,"href":"https:\/\/diverinvest.es\/en\/wp-json\/wp\/v2\/tags?post=9997"}],"curies":[{"name":"wp","href":"https:\/\/api.w.org\/{rel}","templated":true}]}}