{"id":10039,"date":"2016-11-16T00:00:00","date_gmt":"2016-11-15T23:00:00","guid":{"rendered":"https:\/\/diverinvest.es\/15112016-martes-inspira-mas-alla-de-la-renta-fija-negativa\/"},"modified":"2024-01-16T15:34:44","modified_gmt":"2024-01-16T14:34:44","slug":"15112016-martes-inspira-mas-alla-de-la-renta-fija-negativa","status":"publish","type":"post","link":"https:\/\/diverinvest.es\/en\/15112016-martes-inspira-mas-alla-de-la-renta-fija-negativa\/","title":{"rendered":"15\/11\/2016 &#8211; Martes Inspira: M\u00e1s all\u00e1 de la renta fija negativa"},"content":{"rendered":"<p><a href=\"https:\/\/diverinvest.es\/wp-content\/uploads\/martes-invesco-1.jpg\"><img loading=\"lazy\" decoding=\"async\" class=\"  wp-image-4157 alignleft\" src=\"https:\/\/diverinvest.es\/wp-content\/uploads\/martes-invesco-1.jpg\" alt=\"martes invesco\" width=\"268\" height=\"309\" \/><\/a>Ayer contamos con la presencia de Fernando Fern\u00e1ndez-Bravo de la importante gestora global <strong>INVESCO<\/strong>.<br \/>\nFernando nos habl\u00f3 sobre la inmensa distorsi\u00f3n creada en los mercados de renta fija por las pol\u00edticas monetarias llevadas a cabo en los \u00faltimos a\u00f1os por parte de los principales Bancos Centrales, as\u00ed como las consecuencias en la valoraci\u00f3n de la renta variable. Hizo un repaso de c\u00f3mo est\u00e1n incidiendo en los mercados financieros los \u00faltimos acontecimientos pol\u00edticos: Brexit, elecciones americanas&#8230;y los que se producir\u00e1n en los pr\u00f3ximos meses: consulta en Italia, elecciones en Francia y Alemania, etc.<br \/>\nTambi\u00e9n nos coment\u00f3 que podr\u00edamos estar a punto de iniciar un cambio de ciclo en las pol\u00edticas monetarias expansivas. En Estados Unidos se podr\u00eda ver una primera subida de tipos de inter\u00e9s el pr\u00f3ximo mes de diciembre para dar el relevo a pol\u00edticas fiscales de est\u00edmulo econ\u00f3mico. Mientras que en la zona euro, el Banco Central europeo se podr\u00eda plantear una disminuci\u00f3n de su programa de compras de activos (actualmente 80 mil millones mensuales) de cara a la primavera\/verano del pr\u00f3ximo a\u00f1o.<br \/>\nAl acabar la exposici\u00f3n, se pas\u00f3 al turno de preguntas de los asistentes para aclarar y ampliar los puntos comentados por Fernando.<\/p>\n","protected":false},"excerpt":{"rendered":"<p>Ayer contamos con la presencia de Fernando Fern\u00e1ndez-Bravo de la importante gestora global INVESCO. Fernando nos habl\u00f3 sobre la inmensa distorsi\u00f3n creada en los mercados de renta fija por las pol\u00edticas monetarias llevadas a cabo en los \u00faltimos a\u00f1os por parte de los principales Bancos Centrales, as\u00ed como las consecuencias en la valoraci\u00f3n de la [&hellip;]<\/p>\n","protected":false},"author":3,"featured_media":8319,"comment_status":"open","ping_status":"open","sticky":false,"template":"","format":"standard","meta":{"_acf_changed":false,"footnotes":""},"categories":[87],"tags":[],"class_list":["post-10039","post","type-post","status-publish","format-standard","has-post-thumbnail","hentry","category-prensa-y-actualidad"],"acf":[],"yoast_head":"<!-- This site is optimized with the Yoast SEO plugin v27.5 - https:\/\/yoast.com\/product\/yoast-seo-wordpress\/ -->\n<title>15\/11\/2016 - Martes Inspira: M\u00e1s all\u00e1 de la renta fija negativa - DiverInvest<\/title>\n<meta name=\"robots\" content=\"index, follow, max-snippet:-1, max-image-preview:large, max-video-preview:-1\" \/>\n<link rel=\"canonical\" href=\"https:\/\/diverinvest.es\/en\/15112016-martes-inspira-mas-alla-de-la-renta-fija-negativa\/\" \/>\n<meta property=\"og:locale\" content=\"en_US\" \/>\n<meta property=\"og:type\" content=\"article\" \/>\n<meta property=\"og:title\" content=\"15\/11\/2016 - Martes Inspira: M\u00e1s all\u00e1 de la renta fija negativa - DiverInvest\" \/>\n<meta property=\"og:description\" content=\"Ayer contamos con la presencia de Fernando Fern\u00e1ndez-Bravo de la importante gestora global INVESCO. Fernando nos habl\u00f3 sobre la inmensa distorsi\u00f3n creada en los mercados de renta fija por las pol\u00edticas monetarias llevadas a cabo en los \u00faltimos a\u00f1os por parte de los principales Bancos Centrales, as\u00ed como las consecuencias en la valoraci\u00f3n de la [&hellip;]\" \/>\n<meta property=\"og:url\" content=\"https:\/\/diverinvest.es\/en\/15112016-martes-inspira-mas-alla-de-la-renta-fija-negativa\/\" \/>\n<meta property=\"og:site_name\" content=\"DiverInvest\" \/>\n<meta property=\"article:published_time\" content=\"2016-11-15T23:00:00+00:00\" \/>\n<meta property=\"article:modified_time\" content=\"2024-01-16T14:34:44+00:00\" \/>\n<meta property=\"og:image\" content=\"https:\/\/diverinvest.es\/wp-content\/uploads\/martes-invesco-1.jpg\" \/>\n\t<meta property=\"og:image:width\" content=\"576\" \/>\n\t<meta property=\"og:image:height\" content=\"664\" \/>\n\t<meta property=\"og:image:type\" content=\"image\/jpeg\" \/>\n<meta name=\"author\" content=\"websalia\" \/>\n<meta name=\"twitter:card\" content=\"summary_large_image\" \/>\n<meta name=\"twitter:label1\" content=\"Written by\" \/>\n\t<meta name=\"twitter:data1\" content=\"websalia\" \/>\n\t<meta name=\"twitter:label2\" content=\"Est. reading time\" \/>\n\t<meta name=\"twitter:data2\" content=\"1 minute\" \/>\n<script type=\"application\/ld+json\" class=\"yoast-schema-graph\">{\"@context\":\"https:\\\/\\\/schema.org\",\"@graph\":[{\"@type\":\"Article\",\"@id\":\"https:\\\/\\\/diverinvest.es\\\/en\\\/15112016-martes-inspira-mas-alla-de-la-renta-fija-negativa\\\/#article\",\"isPartOf\":{\"@id\":\"https:\\\/\\\/diverinvest.es\\\/en\\\/15112016-martes-inspira-mas-alla-de-la-renta-fija-negativa\\\/\"},\"author\":{\"name\":\"websalia\",\"@id\":\"https:\\\/\\\/diverinvest.es\\\/en\\\/#\\\/schema\\\/person\\\/91003206ff1ab9f694a2285ceb978aa3\"},\"headline\":\"15\\\/11\\\/2016 &#8211; Martes Inspira: M\u00e1s all\u00e1 de la renta fija negativa\",\"datePublished\":\"2016-11-15T23:00:00+00:00\",\"dateModified\":\"2024-01-16T14:34:44+00:00\",\"mainEntityOfPage\":{\"@id\":\"https:\\\/\\\/diverinvest.es\\\/en\\\/15112016-martes-inspira-mas-alla-de-la-renta-fija-negativa\\\/\"},\"wordCount\":232,\"commentCount\":0,\"image\":{\"@id\":\"https:\\\/\\\/diverinvest.es\\\/en\\\/15112016-martes-inspira-mas-alla-de-la-renta-fija-negativa\\\/#primaryimage\"},\"thumbnailUrl\":\"https:\\\/\\\/diverinvest.es\\\/wp-content\\\/uploads\\\/martes-invesco-1.jpg\",\"articleSection\":[\"Prensa y Actualidad\"],\"inLanguage\":\"en-US\",\"potentialAction\":[{\"@type\":\"CommentAction\",\"name\":\"Comment\",\"target\":[\"https:\\\/\\\/diverinvest.es\\\/en\\\/15112016-martes-inspira-mas-alla-de-la-renta-fija-negativa\\\/#respond\"]}]},{\"@type\":\"WebPage\",\"@id\":\"https:\\\/\\\/diverinvest.es\\\/en\\\/15112016-martes-inspira-mas-alla-de-la-renta-fija-negativa\\\/\",\"url\":\"https:\\\/\\\/diverinvest.es\\\/en\\\/15112016-martes-inspira-mas-alla-de-la-renta-fija-negativa\\\/\",\"name\":\"15\\\/11\\\/2016 - Martes Inspira: M\u00e1s all\u00e1 de la renta fija negativa - DiverInvest\",\"isPartOf\":{\"@id\":\"https:\\\/\\\/diverinvest.es\\\/en\\\/#website\"},\"primaryImageOfPage\":{\"@id\":\"https:\\\/\\\/diverinvest.es\\\/en\\\/15112016-martes-inspira-mas-alla-de-la-renta-fija-negativa\\\/#primaryimage\"},\"image\":{\"@id\":\"https:\\\/\\\/diverinvest.es\\\/en\\\/15112016-martes-inspira-mas-alla-de-la-renta-fija-negativa\\\/#primaryimage\"},\"thumbnailUrl\":\"https:\\\/\\\/diverinvest.es\\\/wp-content\\\/uploads\\\/martes-invesco-1.jpg\",\"datePublished\":\"2016-11-15T23:00:00+00:00\",\"dateModified\":\"2024-01-16T14:34:44+00:00\",\"author\":{\"@id\":\"https:\\\/\\\/diverinvest.es\\\/en\\\/#\\\/schema\\\/person\\\/91003206ff1ab9f694a2285ceb978aa3\"},\"breadcrumb\":{\"@id\":\"https:\\\/\\\/diverinvest.es\\\/en\\\/15112016-martes-inspira-mas-alla-de-la-renta-fija-negativa\\\/#breadcrumb\"},\"inLanguage\":\"en-US\",\"potentialAction\":[{\"@type\":\"ReadAction\",\"target\":[\"https:\\\/\\\/diverinvest.es\\\/en\\\/15112016-martes-inspira-mas-alla-de-la-renta-fija-negativa\\\/\"]}]},{\"@type\":\"ImageObject\",\"inLanguage\":\"en-US\",\"@id\":\"https:\\\/\\\/diverinvest.es\\\/en\\\/15112016-martes-inspira-mas-alla-de-la-renta-fija-negativa\\\/#primaryimage\",\"url\":\"https:\\\/\\\/diverinvest.es\\\/wp-content\\\/uploads\\\/martes-invesco-1.jpg\",\"contentUrl\":\"https:\\\/\\\/diverinvest.es\\\/wp-content\\\/uploads\\\/martes-invesco-1.jpg\",\"width\":576,\"height\":664},{\"@type\":\"BreadcrumbList\",\"@id\":\"https:\\\/\\\/diverinvest.es\\\/en\\\/15112016-martes-inspira-mas-alla-de-la-renta-fija-negativa\\\/#breadcrumb\",\"itemListElement\":[{\"@type\":\"ListItem\",\"position\":1,\"name\":\"Portada\",\"item\":\"https:\\\/\\\/diverinvest.es\\\/en\\\/\"},{\"@type\":\"ListItem\",\"position\":2,\"name\":\"15\\\/11\\\/2016 &#8211; Martes Inspira: M\u00e1s all\u00e1 de la renta fija negativa\"}]},{\"@type\":\"WebSite\",\"@id\":\"https:\\\/\\\/diverinvest.es\\\/en\\\/#website\",\"url\":\"https:\\\/\\\/diverinvest.es\\\/en\\\/\",\"name\":\"DiverInvest\",\"description\":\"Corporate Family Office\",\"potentialAction\":[{\"@type\":\"SearchAction\",\"target\":{\"@type\":\"EntryPoint\",\"urlTemplate\":\"https:\\\/\\\/diverinvest.es\\\/en\\\/?s={search_term_string}\"},\"query-input\":{\"@type\":\"PropertyValueSpecification\",\"valueRequired\":true,\"valueName\":\"search_term_string\"}}],\"inLanguage\":\"en-US\"},{\"@type\":\"Person\",\"@id\":\"https:\\\/\\\/diverinvest.es\\\/en\\\/#\\\/schema\\\/person\\\/91003206ff1ab9f694a2285ceb978aa3\",\"name\":\"websalia\",\"image\":{\"@type\":\"ImageObject\",\"inLanguage\":\"en-US\",\"@id\":\"https:\\\/\\\/secure.gravatar.com\\\/avatar\\\/fc5095c82364285cf0856d4b5beed3f1824191a8900bf32e522aa42feff35088?s=96&d=mm&r=g\",\"url\":\"https:\\\/\\\/secure.gravatar.com\\\/avatar\\\/fc5095c82364285cf0856d4b5beed3f1824191a8900bf32e522aa42feff35088?s=96&d=mm&r=g\",\"contentUrl\":\"https:\\\/\\\/secure.gravatar.com\\\/avatar\\\/fc5095c82364285cf0856d4b5beed3f1824191a8900bf32e522aa42feff35088?s=96&d=mm&r=g\",\"caption\":\"websalia\"},\"url\":\"https:\\\/\\\/diverinvest.es\\\/en\\\/author\\\/websalia\\\/\"}]}<\/script>\n<!-- \/ Yoast SEO plugin. -->","yoast_head_json":{"title":"15\/11\/2016 - Martes Inspira: M\u00e1s all\u00e1 de la renta fija negativa - DiverInvest","robots":{"index":"index","follow":"follow","max-snippet":"max-snippet:-1","max-image-preview":"max-image-preview:large","max-video-preview":"max-video-preview:-1"},"canonical":"https:\/\/diverinvest.es\/en\/15112016-martes-inspira-mas-alla-de-la-renta-fija-negativa\/","og_locale":"en_US","og_type":"article","og_title":"15\/11\/2016 - Martes Inspira: M\u00e1s all\u00e1 de la renta fija negativa - DiverInvest","og_description":"Ayer contamos con la presencia de Fernando Fern\u00e1ndez-Bravo de la importante gestora global INVESCO. Fernando nos habl\u00f3 sobre la inmensa distorsi\u00f3n creada en los mercados de renta fija por las pol\u00edticas monetarias llevadas a cabo en los \u00faltimos a\u00f1os por parte de los principales Bancos Centrales, as\u00ed como las consecuencias en la valoraci\u00f3n de la [&hellip;]","og_url":"https:\/\/diverinvest.es\/en\/15112016-martes-inspira-mas-alla-de-la-renta-fija-negativa\/","og_site_name":"DiverInvest","article_published_time":"2016-11-15T23:00:00+00:00","article_modified_time":"2024-01-16T14:34:44+00:00","og_image":[{"width":576,"height":664,"url":"https:\/\/diverinvest.es\/wp-content\/uploads\/martes-invesco-1.jpg","type":"image\/jpeg"}],"author":"websalia","twitter_card":"summary_large_image","twitter_misc":{"Written by":"websalia","Est. reading time":"1 minute"},"schema":{"@context":"https:\/\/schema.org","@graph":[{"@type":"Article","@id":"https:\/\/diverinvest.es\/en\/15112016-martes-inspira-mas-alla-de-la-renta-fija-negativa\/#article","isPartOf":{"@id":"https:\/\/diverinvest.es\/en\/15112016-martes-inspira-mas-alla-de-la-renta-fija-negativa\/"},"author":{"name":"websalia","@id":"https:\/\/diverinvest.es\/en\/#\/schema\/person\/91003206ff1ab9f694a2285ceb978aa3"},"headline":"15\/11\/2016 &#8211; Martes Inspira: M\u00e1s all\u00e1 de la renta fija negativa","datePublished":"2016-11-15T23:00:00+00:00","dateModified":"2024-01-16T14:34:44+00:00","mainEntityOfPage":{"@id":"https:\/\/diverinvest.es\/en\/15112016-martes-inspira-mas-alla-de-la-renta-fija-negativa\/"},"wordCount":232,"commentCount":0,"image":{"@id":"https:\/\/diverinvest.es\/en\/15112016-martes-inspira-mas-alla-de-la-renta-fija-negativa\/#primaryimage"},"thumbnailUrl":"https:\/\/diverinvest.es\/wp-content\/uploads\/martes-invesco-1.jpg","articleSection":["Prensa y Actualidad"],"inLanguage":"en-US","potentialAction":[{"@type":"CommentAction","name":"Comment","target":["https:\/\/diverinvest.es\/en\/15112016-martes-inspira-mas-alla-de-la-renta-fija-negativa\/#respond"]}]},{"@type":"WebPage","@id":"https:\/\/diverinvest.es\/en\/15112016-martes-inspira-mas-alla-de-la-renta-fija-negativa\/","url":"https:\/\/diverinvest.es\/en\/15112016-martes-inspira-mas-alla-de-la-renta-fija-negativa\/","name":"15\/11\/2016 - Martes Inspira: M\u00e1s all\u00e1 de la renta fija negativa - DiverInvest","isPartOf":{"@id":"https:\/\/diverinvest.es\/en\/#website"},"primaryImageOfPage":{"@id":"https:\/\/diverinvest.es\/en\/15112016-martes-inspira-mas-alla-de-la-renta-fija-negativa\/#primaryimage"},"image":{"@id":"https:\/\/diverinvest.es\/en\/15112016-martes-inspira-mas-alla-de-la-renta-fija-negativa\/#primaryimage"},"thumbnailUrl":"https:\/\/diverinvest.es\/wp-content\/uploads\/martes-invesco-1.jpg","datePublished":"2016-11-15T23:00:00+00:00","dateModified":"2024-01-16T14:34:44+00:00","author":{"@id":"https:\/\/diverinvest.es\/en\/#\/schema\/person\/91003206ff1ab9f694a2285ceb978aa3"},"breadcrumb":{"@id":"https:\/\/diverinvest.es\/en\/15112016-martes-inspira-mas-alla-de-la-renta-fija-negativa\/#breadcrumb"},"inLanguage":"en-US","potentialAction":[{"@type":"ReadAction","target":["https:\/\/diverinvest.es\/en\/15112016-martes-inspira-mas-alla-de-la-renta-fija-negativa\/"]}]},{"@type":"ImageObject","inLanguage":"en-US","@id":"https:\/\/diverinvest.es\/en\/15112016-martes-inspira-mas-alla-de-la-renta-fija-negativa\/#primaryimage","url":"https:\/\/diverinvest.es\/wp-content\/uploads\/martes-invesco-1.jpg","contentUrl":"https:\/\/diverinvest.es\/wp-content\/uploads\/martes-invesco-1.jpg","width":576,"height":664},{"@type":"BreadcrumbList","@id":"https:\/\/diverinvest.es\/en\/15112016-martes-inspira-mas-alla-de-la-renta-fija-negativa\/#breadcrumb","itemListElement":[{"@type":"ListItem","position":1,"name":"Portada","item":"https:\/\/diverinvest.es\/en\/"},{"@type":"ListItem","position":2,"name":"15\/11\/2016 &#8211; Martes Inspira: M\u00e1s all\u00e1 de la renta fija negativa"}]},{"@type":"WebSite","@id":"https:\/\/diverinvest.es\/en\/#website","url":"https:\/\/diverinvest.es\/en\/","name":"DiverInvest","description":"Corporate Family Office","potentialAction":[{"@type":"SearchAction","target":{"@type":"EntryPoint","urlTemplate":"https:\/\/diverinvest.es\/en\/?s={search_term_string}"},"query-input":{"@type":"PropertyValueSpecification","valueRequired":true,"valueName":"search_term_string"}}],"inLanguage":"en-US"},{"@type":"Person","@id":"https:\/\/diverinvest.es\/en\/#\/schema\/person\/91003206ff1ab9f694a2285ceb978aa3","name":"websalia","image":{"@type":"ImageObject","inLanguage":"en-US","@id":"https:\/\/secure.gravatar.com\/avatar\/fc5095c82364285cf0856d4b5beed3f1824191a8900bf32e522aa42feff35088?s=96&d=mm&r=g","url":"https:\/\/secure.gravatar.com\/avatar\/fc5095c82364285cf0856d4b5beed3f1824191a8900bf32e522aa42feff35088?s=96&d=mm&r=g","contentUrl":"https:\/\/secure.gravatar.com\/avatar\/fc5095c82364285cf0856d4b5beed3f1824191a8900bf32e522aa42feff35088?s=96&d=mm&r=g","caption":"websalia"},"url":"https:\/\/diverinvest.es\/en\/author\/websalia\/"}]}},"_links":{"self":[{"href":"https:\/\/diverinvest.es\/en\/wp-json\/wp\/v2\/posts\/10039","targetHints":{"allow":["GET"]}}],"collection":[{"href":"https:\/\/diverinvest.es\/en\/wp-json\/wp\/v2\/posts"}],"about":[{"href":"https:\/\/diverinvest.es\/en\/wp-json\/wp\/v2\/types\/post"}],"author":[{"embeddable":true,"href":"https:\/\/diverinvest.es\/en\/wp-json\/wp\/v2\/users\/3"}],"replies":[{"embeddable":true,"href":"https:\/\/diverinvest.es\/en\/wp-json\/wp\/v2\/comments?post=10039"}],"version-history":[{"count":0,"href":"https:\/\/diverinvest.es\/en\/wp-json\/wp\/v2\/posts\/10039\/revisions"}],"wp:featuredmedia":[{"embeddable":true,"href":"https:\/\/diverinvest.es\/en\/wp-json\/wp\/v2\/media\/8319"}],"wp:attachment":[{"href":"https:\/\/diverinvest.es\/en\/wp-json\/wp\/v2\/media?parent=10039"}],"wp:term":[{"taxonomy":"category","embeddable":true,"href":"https:\/\/diverinvest.es\/en\/wp-json\/wp\/v2\/categories?post=10039"},{"taxonomy":"post_tag","embeddable":true,"href":"https:\/\/diverinvest.es\/en\/wp-json\/wp\/v2\/tags?post=10039"}],"curies":[{"name":"wp","href":"https:\/\/api.w.org\/{rel}","templated":true}]}}