{"id":10553,"date":"2016-05-25T00:00:00","date_gmt":"2016-05-24T22:00:00","guid":{"rendered":"https:\/\/diverinvest.es\/24052016-dimarts-inspira-fiscalitat-amb-ros-petit\/"},"modified":"2024-01-17T13:22:56","modified_gmt":"2024-01-17T12:22:56","slug":"24052016-dimarts-inspira-fiscalitat-amb-ros-petit","status":"publish","type":"post","link":"https:\/\/diverinvest.es\/ca\/24052016-dimarts-inspira-fiscalitat-amb-ros-petit\/","title":{"rendered":"24\/05\/2016 Dimarts Inspira: Fiscalitat amb Ros Petit"},"content":{"rendered":"<p><a href=\"https:\/\/diverinvest.es\/wp-content\/uploads\/fiscalidad-1.jpg\"><img loading=\"lazy\" decoding=\"async\" src=\"https:\/\/diverinvest.es\/wp-content\/uploads\/fiscalidad-1.jpg\" alt=\"fiscalidad\" width=\"500\" height=\"350\" class=\"alignleft size-full wp-image-3548\"><\/a> Ahir vam tenir la sessi\u00f3 de fiscalitat amb <strong>Ros Petit<\/strong>, on es va fer un rep\u00e0s de temes relacionats amb la fiscalitat del estalvi del 2015, aix\u00ed com la planificaci\u00f3 fiscal del patrimoni.<\/p>\n","protected":false},"excerpt":{"rendered":"<p>Ahir vam tenir la sessi\u00f3 de fiscalitat amb Ros Petit, on es va fer un rep\u00e0s de temes relacionats amb la fiscalitat del estalvi del 2015, aix\u00ed com la planificaci\u00f3 fiscal del patrimoni.<\/p>\n","protected":false},"author":3,"featured_media":8214,"comment_status":"open","ping_status":"open","sticky":false,"template":"","format":"standard","meta":{"_acf_changed":false,"footnotes":""},"categories":[87],"tags":[],"class_list":["post-10553","post","type-post","status-publish","format-standard","has-post-thumbnail","hentry","category-prensa-y-actualidad"],"acf":[],"yoast_head":"<!-- This site is optimized with the Yoast SEO plugin v27.5 - https:\/\/yoast.com\/product\/yoast-seo-wordpress\/ -->\n<title>24\/05\/2016 Dimarts Inspira: Fiscalitat amb Ros Petit - DiverInvest<\/title>\n<meta name=\"robots\" content=\"index, follow, max-snippet:-1, max-image-preview:large, max-video-preview:-1\" \/>\n<link rel=\"canonical\" href=\"https:\/\/diverinvest.es\/ca\/24052016-dimarts-inspira-fiscalitat-amb-ros-petit\/\" \/>\n<meta property=\"og:locale\" content=\"ca_ES\" \/>\n<meta property=\"og:type\" content=\"article\" \/>\n<meta property=\"og:title\" content=\"24\/05\/2016 Dimarts Inspira: Fiscalitat amb Ros Petit - DiverInvest\" \/>\n<meta property=\"og:description\" content=\"Ahir vam tenir la sessi\u00f3 de fiscalitat amb Ros Petit, on es va fer un rep\u00e0s de temes relacionats amb la fiscalitat del estalvi del 2015, aix\u00ed com la planificaci\u00f3 fiscal del patrimoni.\" \/>\n<meta property=\"og:url\" content=\"https:\/\/diverinvest.es\/ca\/24052016-dimarts-inspira-fiscalitat-amb-ros-petit\/\" \/>\n<meta property=\"og:site_name\" content=\"DiverInvest\" \/>\n<meta property=\"article:published_time\" content=\"2016-05-24T22:00:00+00:00\" \/>\n<meta property=\"article:modified_time\" content=\"2024-01-17T12:22:56+00:00\" \/>\n<meta property=\"og:image\" content=\"https:\/\/diverinvest.es\/wp-content\/uploads\/fiscalidad-1.jpg\" \/>\n\t<meta property=\"og:image:width\" content=\"500\" \/>\n\t<meta property=\"og:image:height\" content=\"350\" \/>\n\t<meta property=\"og:image:type\" content=\"image\/jpeg\" \/>\n<meta name=\"author\" content=\"websalia\" \/>\n<meta name=\"twitter:card\" content=\"summary_large_image\" \/>\n<meta name=\"twitter:label1\" content=\"Escrit per\" \/>\n\t<meta name=\"twitter:data1\" content=\"websalia\" \/>\n\t<meta name=\"twitter:label2\" content=\"Temps estimat de lectura\" \/>\n\t<meta name=\"twitter:data2\" content=\"1 minut\" \/>\n<script type=\"application\/ld+json\" class=\"yoast-schema-graph\">{\"@context\":\"https:\\\/\\\/schema.org\",\"@graph\":[{\"@type\":\"Article\",\"@id\":\"https:\\\/\\\/diverinvest.es\\\/ca\\\/24052016-dimarts-inspira-fiscalitat-amb-ros-petit\\\/#article\",\"isPartOf\":{\"@id\":\"https:\\\/\\\/diverinvest.es\\\/ca\\\/24052016-dimarts-inspira-fiscalitat-amb-ros-petit\\\/\"},\"author\":{\"name\":\"websalia\",\"@id\":\"https:\\\/\\\/diverinvest.es\\\/ca\\\/#\\\/schema\\\/person\\\/91003206ff1ab9f694a2285ceb978aa3\"},\"headline\":\"24\\\/05\\\/2016 Dimarts Inspira: Fiscalitat amb Ros Petit\",\"datePublished\":\"2016-05-24T22:00:00+00:00\",\"dateModified\":\"2024-01-17T12:22:56+00:00\",\"mainEntityOfPage\":{\"@id\":\"https:\\\/\\\/diverinvest.es\\\/ca\\\/24052016-dimarts-inspira-fiscalitat-amb-ros-petit\\\/\"},\"wordCount\":39,\"commentCount\":0,\"image\":{\"@id\":\"https:\\\/\\\/diverinvest.es\\\/ca\\\/24052016-dimarts-inspira-fiscalitat-amb-ros-petit\\\/#primaryimage\"},\"thumbnailUrl\":\"https:\\\/\\\/diverinvest.es\\\/wp-content\\\/uploads\\\/fiscalidad-1.jpg\",\"articleSection\":[\"Prensa y Actualidad\"],\"inLanguage\":\"ca\",\"potentialAction\":[{\"@type\":\"CommentAction\",\"name\":\"Comment\",\"target\":[\"https:\\\/\\\/diverinvest.es\\\/ca\\\/24052016-dimarts-inspira-fiscalitat-amb-ros-petit\\\/#respond\"]}]},{\"@type\":\"WebPage\",\"@id\":\"https:\\\/\\\/diverinvest.es\\\/ca\\\/24052016-dimarts-inspira-fiscalitat-amb-ros-petit\\\/\",\"url\":\"https:\\\/\\\/diverinvest.es\\\/ca\\\/24052016-dimarts-inspira-fiscalitat-amb-ros-petit\\\/\",\"name\":\"24\\\/05\\\/2016 Dimarts Inspira: Fiscalitat amb Ros Petit - DiverInvest\",\"isPartOf\":{\"@id\":\"https:\\\/\\\/diverinvest.es\\\/ca\\\/#website\"},\"primaryImageOfPage\":{\"@id\":\"https:\\\/\\\/diverinvest.es\\\/ca\\\/24052016-dimarts-inspira-fiscalitat-amb-ros-petit\\\/#primaryimage\"},\"image\":{\"@id\":\"https:\\\/\\\/diverinvest.es\\\/ca\\\/24052016-dimarts-inspira-fiscalitat-amb-ros-petit\\\/#primaryimage\"},\"thumbnailUrl\":\"https:\\\/\\\/diverinvest.es\\\/wp-content\\\/uploads\\\/fiscalidad-1.jpg\",\"datePublished\":\"2016-05-24T22:00:00+00:00\",\"dateModified\":\"2024-01-17T12:22:56+00:00\",\"author\":{\"@id\":\"https:\\\/\\\/diverinvest.es\\\/ca\\\/#\\\/schema\\\/person\\\/91003206ff1ab9f694a2285ceb978aa3\"},\"breadcrumb\":{\"@id\":\"https:\\\/\\\/diverinvest.es\\\/ca\\\/24052016-dimarts-inspira-fiscalitat-amb-ros-petit\\\/#breadcrumb\"},\"inLanguage\":\"ca\",\"potentialAction\":[{\"@type\":\"ReadAction\",\"target\":[\"https:\\\/\\\/diverinvest.es\\\/ca\\\/24052016-dimarts-inspira-fiscalitat-amb-ros-petit\\\/\"]}]},{\"@type\":\"ImageObject\",\"inLanguage\":\"ca\",\"@id\":\"https:\\\/\\\/diverinvest.es\\\/ca\\\/24052016-dimarts-inspira-fiscalitat-amb-ros-petit\\\/#primaryimage\",\"url\":\"https:\\\/\\\/diverinvest.es\\\/wp-content\\\/uploads\\\/fiscalidad-1.jpg\",\"contentUrl\":\"https:\\\/\\\/diverinvest.es\\\/wp-content\\\/uploads\\\/fiscalidad-1.jpg\",\"width\":500,\"height\":350},{\"@type\":\"BreadcrumbList\",\"@id\":\"https:\\\/\\\/diverinvest.es\\\/ca\\\/24052016-dimarts-inspira-fiscalitat-amb-ros-petit\\\/#breadcrumb\",\"itemListElement\":[{\"@type\":\"ListItem\",\"position\":1,\"name\":\"Portada\",\"item\":\"https:\\\/\\\/diverinvest.es\\\/ca\\\/\"},{\"@type\":\"ListItem\",\"position\":2,\"name\":\"24\\\/05\\\/2016 Dimarts Inspira: Fiscalitat amb Ros Petit\"}]},{\"@type\":\"WebSite\",\"@id\":\"https:\\\/\\\/diverinvest.es\\\/ca\\\/#website\",\"url\":\"https:\\\/\\\/diverinvest.es\\\/ca\\\/\",\"name\":\"DiverInvest\",\"description\":\"Corporate Family Office\",\"potentialAction\":[{\"@type\":\"SearchAction\",\"target\":{\"@type\":\"EntryPoint\",\"urlTemplate\":\"https:\\\/\\\/diverinvest.es\\\/ca\\\/?s={search_term_string}\"},\"query-input\":{\"@type\":\"PropertyValueSpecification\",\"valueRequired\":true,\"valueName\":\"search_term_string\"}}],\"inLanguage\":\"ca\"},{\"@type\":\"Person\",\"@id\":\"https:\\\/\\\/diverinvest.es\\\/ca\\\/#\\\/schema\\\/person\\\/91003206ff1ab9f694a2285ceb978aa3\",\"name\":\"websalia\",\"image\":{\"@type\":\"ImageObject\",\"inLanguage\":\"ca\",\"@id\":\"https:\\\/\\\/secure.gravatar.com\\\/avatar\\\/fc5095c82364285cf0856d4b5beed3f1824191a8900bf32e522aa42feff35088?s=96&d=mm&r=g\",\"url\":\"https:\\\/\\\/secure.gravatar.com\\\/avatar\\\/fc5095c82364285cf0856d4b5beed3f1824191a8900bf32e522aa42feff35088?s=96&d=mm&r=g\",\"contentUrl\":\"https:\\\/\\\/secure.gravatar.com\\\/avatar\\\/fc5095c82364285cf0856d4b5beed3f1824191a8900bf32e522aa42feff35088?s=96&d=mm&r=g\",\"caption\":\"websalia\"},\"url\":\"https:\\\/\\\/diverinvest.es\\\/ca\\\/author\\\/websalia\\\/\"}]}<\/script>\n<!-- \/ Yoast SEO plugin. -->","yoast_head_json":{"title":"24\/05\/2016 Dimarts Inspira: Fiscalitat amb Ros Petit - DiverInvest","robots":{"index":"index","follow":"follow","max-snippet":"max-snippet:-1","max-image-preview":"max-image-preview:large","max-video-preview":"max-video-preview:-1"},"canonical":"https:\/\/diverinvest.es\/ca\/24052016-dimarts-inspira-fiscalitat-amb-ros-petit\/","og_locale":"ca_ES","og_type":"article","og_title":"24\/05\/2016 Dimarts Inspira: Fiscalitat amb Ros Petit - DiverInvest","og_description":"Ahir vam tenir la sessi\u00f3 de fiscalitat amb Ros Petit, on es va fer un rep\u00e0s de temes relacionats amb la fiscalitat del estalvi del 2015, aix\u00ed com la planificaci\u00f3 fiscal del patrimoni.","og_url":"https:\/\/diverinvest.es\/ca\/24052016-dimarts-inspira-fiscalitat-amb-ros-petit\/","og_site_name":"DiverInvest","article_published_time":"2016-05-24T22:00:00+00:00","article_modified_time":"2024-01-17T12:22:56+00:00","og_image":[{"width":500,"height":350,"url":"https:\/\/diverinvest.es\/wp-content\/uploads\/fiscalidad-1.jpg","type":"image\/jpeg"}],"author":"websalia","twitter_card":"summary_large_image","twitter_misc":{"Escrit per":"websalia","Temps estimat de lectura":"1 minut"},"schema":{"@context":"https:\/\/schema.org","@graph":[{"@type":"Article","@id":"https:\/\/diverinvest.es\/ca\/24052016-dimarts-inspira-fiscalitat-amb-ros-petit\/#article","isPartOf":{"@id":"https:\/\/diverinvest.es\/ca\/24052016-dimarts-inspira-fiscalitat-amb-ros-petit\/"},"author":{"name":"websalia","@id":"https:\/\/diverinvest.es\/ca\/#\/schema\/person\/91003206ff1ab9f694a2285ceb978aa3"},"headline":"24\/05\/2016 Dimarts Inspira: Fiscalitat amb Ros Petit","datePublished":"2016-05-24T22:00:00+00:00","dateModified":"2024-01-17T12:22:56+00:00","mainEntityOfPage":{"@id":"https:\/\/diverinvest.es\/ca\/24052016-dimarts-inspira-fiscalitat-amb-ros-petit\/"},"wordCount":39,"commentCount":0,"image":{"@id":"https:\/\/diverinvest.es\/ca\/24052016-dimarts-inspira-fiscalitat-amb-ros-petit\/#primaryimage"},"thumbnailUrl":"https:\/\/diverinvest.es\/wp-content\/uploads\/fiscalidad-1.jpg","articleSection":["Prensa y Actualidad"],"inLanguage":"ca","potentialAction":[{"@type":"CommentAction","name":"Comment","target":["https:\/\/diverinvest.es\/ca\/24052016-dimarts-inspira-fiscalitat-amb-ros-petit\/#respond"]}]},{"@type":"WebPage","@id":"https:\/\/diverinvest.es\/ca\/24052016-dimarts-inspira-fiscalitat-amb-ros-petit\/","url":"https:\/\/diverinvest.es\/ca\/24052016-dimarts-inspira-fiscalitat-amb-ros-petit\/","name":"24\/05\/2016 Dimarts Inspira: Fiscalitat amb Ros Petit - DiverInvest","isPartOf":{"@id":"https:\/\/diverinvest.es\/ca\/#website"},"primaryImageOfPage":{"@id":"https:\/\/diverinvest.es\/ca\/24052016-dimarts-inspira-fiscalitat-amb-ros-petit\/#primaryimage"},"image":{"@id":"https:\/\/diverinvest.es\/ca\/24052016-dimarts-inspira-fiscalitat-amb-ros-petit\/#primaryimage"},"thumbnailUrl":"https:\/\/diverinvest.es\/wp-content\/uploads\/fiscalidad-1.jpg","datePublished":"2016-05-24T22:00:00+00:00","dateModified":"2024-01-17T12:22:56+00:00","author":{"@id":"https:\/\/diverinvest.es\/ca\/#\/schema\/person\/91003206ff1ab9f694a2285ceb978aa3"},"breadcrumb":{"@id":"https:\/\/diverinvest.es\/ca\/24052016-dimarts-inspira-fiscalitat-amb-ros-petit\/#breadcrumb"},"inLanguage":"ca","potentialAction":[{"@type":"ReadAction","target":["https:\/\/diverinvest.es\/ca\/24052016-dimarts-inspira-fiscalitat-amb-ros-petit\/"]}]},{"@type":"ImageObject","inLanguage":"ca","@id":"https:\/\/diverinvest.es\/ca\/24052016-dimarts-inspira-fiscalitat-amb-ros-petit\/#primaryimage","url":"https:\/\/diverinvest.es\/wp-content\/uploads\/fiscalidad-1.jpg","contentUrl":"https:\/\/diverinvest.es\/wp-content\/uploads\/fiscalidad-1.jpg","width":500,"height":350},{"@type":"BreadcrumbList","@id":"https:\/\/diverinvest.es\/ca\/24052016-dimarts-inspira-fiscalitat-amb-ros-petit\/#breadcrumb","itemListElement":[{"@type":"ListItem","position":1,"name":"Portada","item":"https:\/\/diverinvest.es\/ca\/"},{"@type":"ListItem","position":2,"name":"24\/05\/2016 Dimarts Inspira: Fiscalitat amb Ros Petit"}]},{"@type":"WebSite","@id":"https:\/\/diverinvest.es\/ca\/#website","url":"https:\/\/diverinvest.es\/ca\/","name":"DiverInvest","description":"Corporate Family Office","potentialAction":[{"@type":"SearchAction","target":{"@type":"EntryPoint","urlTemplate":"https:\/\/diverinvest.es\/ca\/?s={search_term_string}"},"query-input":{"@type":"PropertyValueSpecification","valueRequired":true,"valueName":"search_term_string"}}],"inLanguage":"ca"},{"@type":"Person","@id":"https:\/\/diverinvest.es\/ca\/#\/schema\/person\/91003206ff1ab9f694a2285ceb978aa3","name":"websalia","image":{"@type":"ImageObject","inLanguage":"ca","@id":"https:\/\/secure.gravatar.com\/avatar\/fc5095c82364285cf0856d4b5beed3f1824191a8900bf32e522aa42feff35088?s=96&d=mm&r=g","url":"https:\/\/secure.gravatar.com\/avatar\/fc5095c82364285cf0856d4b5beed3f1824191a8900bf32e522aa42feff35088?s=96&d=mm&r=g","contentUrl":"https:\/\/secure.gravatar.com\/avatar\/fc5095c82364285cf0856d4b5beed3f1824191a8900bf32e522aa42feff35088?s=96&d=mm&r=g","caption":"websalia"},"url":"https:\/\/diverinvest.es\/ca\/author\/websalia\/"}]}},"_links":{"self":[{"href":"https:\/\/diverinvest.es\/ca\/wp-json\/wp\/v2\/posts\/10553","targetHints":{"allow":["GET"]}}],"collection":[{"href":"https:\/\/diverinvest.es\/ca\/wp-json\/wp\/v2\/posts"}],"about":[{"href":"https:\/\/diverinvest.es\/ca\/wp-json\/wp\/v2\/types\/post"}],"author":[{"embeddable":true,"href":"https:\/\/diverinvest.es\/ca\/wp-json\/wp\/v2\/users\/3"}],"replies":[{"embeddable":true,"href":"https:\/\/diverinvest.es\/ca\/wp-json\/wp\/v2\/comments?post=10553"}],"version-history":[{"count":0,"href":"https:\/\/diverinvest.es\/ca\/wp-json\/wp\/v2\/posts\/10553\/revisions"}],"wp:featuredmedia":[{"embeddable":true,"href":"https:\/\/diverinvest.es\/ca\/wp-json\/wp\/v2\/media\/8214"}],"wp:attachment":[{"href":"https:\/\/diverinvest.es\/ca\/wp-json\/wp\/v2\/media?parent=10553"}],"wp:term":[{"taxonomy":"category","embeddable":true,"href":"https:\/\/diverinvest.es\/ca\/wp-json\/wp\/v2\/categories?post=10553"},{"taxonomy":"post_tag","embeddable":true,"href":"https:\/\/diverinvest.es\/ca\/wp-json\/wp\/v2\/tags?post=10553"}],"curies":[{"name":"wp","href":"https:\/\/api.w.org\/{rel}","templated":true}]}}